{"id":6739,"date":"2024-05-29T14:38:07","date_gmt":"2024-05-29T14:38:07","guid":{"rendered":"https:\/\/gifadi.es\/?p=6739"},"modified":"2024-05-29T14:38:42","modified_gmt":"2024-05-29T14:38:42","slug":"gifadi-participo-en-la-mision-comercial-directa-en-portugal-en-marzo-de-2024","status":"publish","type":"post","link":"https:\/\/gifadi.es\/fr\/gifadi-a-participe-a-la-mission-commerciale-directe-au-portugal-en-mars-2024\/","title":{"rendered":"Gifadi a particip\u00e9 \u00e0 la mission commerciale directe au Portugal en mars 2024"},"content":{"rendered":"<p>Du 11 au 15 mars 2024, notre entreprise GIFADI FERTILIZANTES SA a eu le privil\u00e8ge de participer \u00e0 la mission commerciale directe au Portugal. Cet \u00e9v\u00e9nement a \u00e9t\u00e9 une excellente plateforme pour promouvoir nos produits innovants et explorer de nouvelles opportunit\u00e9s de march\u00e9 au Portugal. Au cours de cette mission, nous avons interagi avec de nombreux hommes d&#039;affaires et repr\u00e9sentants de l&#039;industrie, ce qui nous a permis d&#039;\u00e9tablir de pr\u00e9cieux contacts d&#039;affaires et de mieux comprendre les demandes sp\u00e9cifiques du march\u00e9 portugais.<\/p>\n\n\n\n<p>La mission a \u00e9t\u00e9 organis\u00e9e par la Chambre Officielle de Commerce, d&#039;Industrie, de Services et de Navigation de Murcie, et a b\u00e9n\u00e9fici\u00e9 du soutien de l&#039;INFO (Institut pour le D\u00e9veloppement de la R\u00e9gion de Murcie) et de l&#039;Union Europ\u00e9enne \u00e0 travers le Fonds Europ\u00e9en de D\u00e9veloppement R\u00e9gional (FEDER). . Cette derni\u00e8re constitue une initiative cruciale dans le cadre de la politique de coh\u00e9sion de l&#039;UE, qui se concentre sur le renforcement de la coh\u00e9sion \u00e9conomique et sociale dans les r\u00e9gions europ\u00e9ennes, la promotion de la croissance et de l&#039;emploi, la coop\u00e9ration territoriale et le d\u00e9veloppement urbain durable.<\/p>\n\n\n\n<p>L&#039;engagement d&#039;ERDF en faveur du d\u00e9veloppement r\u00e9gional implique des investissements importants dans des domaines cl\u00e9s tels que l&#039;innovation, la num\u00e9risation et le d\u00e9veloppement \u00e9conomique, afin de garantir que toutes les r\u00e9gions europ\u00e9ennes puissent cro\u00eetre de mani\u00e8re \u00e9quitable. Ce type de soutien a \u00e9t\u00e9 essentiel \u00e0 la r\u00e9alisation de notre mission commerciale, nous permettant non seulement d&#039;\u00e9tendre notre pr\u00e9sence sur le march\u00e9, mais \u00e9galement de contribuer \u00e0 l&#039;objectif plus large d&#039;une Europe plus interconnect\u00e9e et \u00e9conomiquement plus robuste.<\/p>\n\n\n\n<figure class=\"wp-block-image size-large\"><img fetchpriority=\"high\" decoding=\"async\" width=\"1367\" height=\"342\" src=\"https:\/\/gifadi.es\/wp-content\/uploads\/2024\/05\/info-cofinanciacion-europea.svg\" alt=\"\" class=\"wp-image-6741\"\/><\/figure>","protected":false},"excerpt":{"rendered":"<p>Du 11 au 15 mars 2024, notre entreprise GIFADI FERTILIZANTES SA a eu le privil\u00e8ge de participer \u00e0 la mission commerciale directe au Portugal. Cet \u00e9v\u00e9nement a \u00e9t\u00e9 une excellente plateforme pour promouvoir nos produits innovants et explorer de nouvelles opportunit\u00e9s de march\u00e9 au Portugal. Au cours de cette mission, nous avons<\/p>","protected":false},"author":1,"featured_media":6742,"comment_status":"closed","ping_status":"closed","sticky":false,"template":"","format":"standard","meta":{"inline_featured_image":false,"footnotes":""},"categories":[2],"tags":[],"class_list":["post-6739","post","type-post","status-publish","format-standard","has-post-thumbnail","hentry","category-noticias"],"yoast_head":"<!-- This site is optimized with the Yoast SEO Premium plugin v21.8 (Yoast SEO v26.4) - https:\/\/yoast.com\/wordpress\/plugins\/seo\/ -->\n<title>Gifadi particip\u00f3 en la misi\u00f3n comercial directa en Portugal en Marzo de 2024 - Gifadi<\/title>\n<meta name=\"robots\" content=\"index, follow, max-snippet:-1, max-image-preview:large, max-video-preview:-1\" \/>\n<link rel=\"canonical\" href=\"https:\/\/gifadi.es\/fr\/gifadi-a-participe-a-la-mission-commerciale-directe-au-portugal-en-mars-2024\/\" \/>\n<meta property=\"og:locale\" content=\"fr_FR\" \/>\n<meta property=\"og:type\" content=\"article\" \/>\n<meta property=\"og:title\" content=\"Gifadi particip\u00f3 en la misi\u00f3n comercial directa en Portugal en Marzo de 2024\" \/>\n<meta property=\"og:description\" content=\"Del 11 al 15 de marzo de 2024, nuestra empresa, GIFADI FERTILIZANTES S.A., ha tenido el privilegio de participar en la misi\u00f3n comercial directa a Portugal. Este evento ha sido una plataforma excelente para promocionar nuestros innovadores productos y explorar nuevas oportunidades de mercado en Portugal. Durante esta misi\u00f3n, hemos\" \/>\n<meta property=\"og:url\" content=\"https:\/\/gifadi.es\/fr\/gifadi-a-participe-a-la-mission-commerciale-directe-au-portugal-en-mars-2024\/\" \/>\n<meta property=\"og:site_name\" content=\"Gifadi\" \/>\n<meta property=\"article:published_time\" content=\"2024-05-29T14:38:07+00:00\" \/>\n<meta property=\"article:modified_time\" content=\"2024-05-29T14:38:42+00:00\" \/>\n<meta property=\"og:image\" content=\"https:\/\/gifadi.es\/wp-content\/uploads\/2024\/05\/DALL\u00b7E-2024-05-29-16.36.45-An-agricultural-background-with-the-European-Union-flag-Spanish-flag-and-Portuguese-flag-prominently-displayed.jpg\" \/>\n\t<meta property=\"og:image:width\" content=\"1024\" \/>\n\t<meta property=\"og:image:height\" content=\"1024\" \/>\n\t<meta property=\"og:image:type\" content=\"image\/jpeg\" \/>\n<meta name=\"author\" content=\"admin\" \/>\n<meta name=\"twitter:card\" content=\"summary_large_image\" \/>\n<meta name=\"twitter:label1\" content=\"\u00c9crit par\" \/>\n\t<meta name=\"twitter:data1\" content=\"admin\" \/>\n\t<meta name=\"twitter:label2\" content=\"Dur\u00e9e de lecture estim\u00e9e\" \/>\n\t<meta name=\"twitter:data2\" content=\"2 minutes\" \/>\n<!-- \/ Yoast SEO Premium plugin. -->","yoast_head_json":{"title":"Gifadi a particip\u00e9 \u00e0 la mission commerciale directe au Portugal en mars 2024 - Gifadi","robots":{"index":"index","follow":"follow","max-snippet":"max-snippet:-1","max-image-preview":"max-image-preview:large","max-video-preview":"max-video-preview:-1"},"canonical":"https:\/\/gifadi.es\/fr\/gifadi-a-participe-a-la-mission-commerciale-directe-au-portugal-en-mars-2024\/","og_locale":"fr_FR","og_type":"article","og_title":"Gifadi particip\u00f3 en la misi\u00f3n comercial directa en Portugal en Marzo de 2024","og_description":"Del 11 al 15 de marzo de 2024, nuestra empresa, GIFADI FERTILIZANTES S.A., ha tenido el privilegio de participar en la misi\u00f3n comercial directa a Portugal. Este evento ha sido una plataforma excelente para promocionar nuestros innovadores productos y explorar nuevas oportunidades de mercado en Portugal. Durante esta misi\u00f3n, hemos","og_url":"https:\/\/gifadi.es\/fr\/gifadi-a-participe-a-la-mission-commerciale-directe-au-portugal-en-mars-2024\/","og_site_name":"Gifadi","article_published_time":"2024-05-29T14:38:07+00:00","article_modified_time":"2024-05-29T14:38:42+00:00","og_image":[{"width":1024,"height":1024,"url":"https:\/\/gifadi.es\/wp-content\/uploads\/2024\/05\/DALL\u00b7E-2024-05-29-16.36.45-An-agricultural-background-with-the-European-Union-flag-Spanish-flag-and-Portuguese-flag-prominently-displayed.jpg","type":"image\/jpeg"}],"author":"admin","twitter_card":"summary_large_image","twitter_misc":{"\u00c9crit par":"admin","Dur\u00e9e de lecture estim\u00e9e":"2 minutes"},"schema":{"@context":"https:\/\/schema.org","@graph":[{"@type":"WebPage","@id":"https:\/\/gifadi.es\/gifadi-participo-en-la-mision-comercial-directa-en-portugal-en-marzo-de-2024\/","url":"https:\/\/gifadi.es\/gifadi-participo-en-la-mision-comercial-directa-en-portugal-en-marzo-de-2024\/","name":"Gifadi a particip\u00e9 \u00e0 la mission commerciale directe au Portugal en mars 2024 - Gifadi","isPartOf":{"@id":"https:\/\/gifadi.es\/#website"},"primaryImageOfPage":{"@id":"https:\/\/gifadi.es\/gifadi-participo-en-la-mision-comercial-directa-en-portugal-en-marzo-de-2024\/#primaryimage"},"image":{"@id":"https:\/\/gifadi.es\/gifadi-participo-en-la-mision-comercial-directa-en-portugal-en-marzo-de-2024\/#primaryimage"},"thumbnailUrl":"https:\/\/gifadi.es\/wp-content\/uploads\/2024\/05\/DALL\u00b7E-2024-05-29-16.36.45-An-agricultural-background-with-the-European-Union-flag-Spanish-flag-and-Portuguese-flag-prominently-displayed.jpg","datePublished":"2024-05-29T14:38:07+00:00","dateModified":"2024-05-29T14:38:42+00:00","author":{"@id":"https:\/\/gifadi.es\/#\/schema\/person\/07f02d297153771dd1a593867ed701ab"},"breadcrumb":{"@id":"https:\/\/gifadi.es\/gifadi-participo-en-la-mision-comercial-directa-en-portugal-en-marzo-de-2024\/#breadcrumb"},"inLanguage":"fr-FR","potentialAction":[{"@type":"ReadAction","target":["https:\/\/gifadi.es\/gifadi-participo-en-la-mision-comercial-directa-en-portugal-en-marzo-de-2024\/"]}]},{"@type":"ImageObject","inLanguage":"fr-FR","@id":"https:\/\/gifadi.es\/gifadi-participo-en-la-mision-comercial-directa-en-portugal-en-marzo-de-2024\/#primaryimage","url":"https:\/\/gifadi.es\/wp-content\/uploads\/2024\/05\/DALL\u00b7E-2024-05-29-16.36.45-An-agricultural-background-with-the-European-Union-flag-Spanish-flag-and-Portuguese-flag-prominently-displayed.jpg","contentUrl":"https:\/\/gifadi.es\/wp-content\/uploads\/2024\/05\/DALL\u00b7E-2024-05-29-16.36.45-An-agricultural-background-with-the-European-Union-flag-Spanish-flag-and-Portuguese-flag-prominently-displayed.jpg","width":1024,"height":1024},{"@type":"BreadcrumbList","@id":"https:\/\/gifadi.es\/gifadi-participo-en-la-mision-comercial-directa-en-portugal-en-marzo-de-2024\/#breadcrumb","itemListElement":[{"@type":"ListItem","position":1,"name":"Portada","item":"https:\/\/gifadi.es\/"},{"@type":"ListItem","position":2,"name":"Gifadi particip\u00f3 en la misi\u00f3n comercial directa en Portugal en Marzo de 2024"}]},{"@type":"WebSite","@id":"https:\/\/gifadi.es\/#website","url":"https:\/\/gifadi.es\/","name":"Gifadi","description":"Distributeur d&#039;engrais et phytosanitaire","potentialAction":[{"@type":"SearchAction","target":{"@type":"EntryPoint","urlTemplate":"https:\/\/gifadi.es\/?s={search_term_string}"},"query-input":{"@type":"PropertyValueSpecification","valueRequired":true,"valueName":"search_term_string"}}],"inLanguage":"fr-FR"},{"@type":"Person","@id":"https:\/\/gifadi.es\/#\/schema\/person\/07f02d297153771dd1a593867ed701ab","name":"administrateur","image":{"@type":"ImageObject","inLanguage":"fr-FR","@id":"https:\/\/gifadi.es\/#\/schema\/person\/image\/","url":"https:\/\/secure.gravatar.com\/avatar\/d7e963790b3f71c1a2701e8255e650026b50f618ab9000c35d0ae79dcbcd61b8?s=96&d=mm&r=g","contentUrl":"https:\/\/secure.gravatar.com\/avatar\/d7e963790b3f71c1a2701e8255e650026b50f618ab9000c35d0ae79dcbcd61b8?s=96&d=mm&r=g","caption":"admin"},"sameAs":["https:\/\/caesasl.com"]}]}},"_links":{"self":[{"href":"https:\/\/gifadi.es\/fr\/wp-json\/wp\/v2\/posts\/6739","targetHints":{"allow":["GET"]}}],"collection":[{"href":"https:\/\/gifadi.es\/fr\/wp-json\/wp\/v2\/posts"}],"about":[{"href":"https:\/\/gifadi.es\/fr\/wp-json\/wp\/v2\/types\/post"}],"author":[{"embeddable":true,"href":"https:\/\/gifadi.es\/fr\/wp-json\/wp\/v2\/users\/1"}],"replies":[{"embeddable":true,"href":"https:\/\/gifadi.es\/fr\/wp-json\/wp\/v2\/comments?post=6739"}],"version-history":[{"count":1,"href":"https:\/\/gifadi.es\/fr\/wp-json\/wp\/v2\/posts\/6739\/revisions"}],"predecessor-version":[{"id":6743,"href":"https:\/\/gifadi.es\/fr\/wp-json\/wp\/v2\/posts\/6739\/revisions\/6743"}],"wp:featuredmedia":[{"embeddable":true,"href":"https:\/\/gifadi.es\/fr\/wp-json\/wp\/v2\/media\/6742"}],"wp:attachment":[{"href":"https:\/\/gifadi.es\/fr\/wp-json\/wp\/v2\/media?parent=6739"}],"wp:term":[{"taxonomy":"category","embeddable":true,"href":"https:\/\/gifadi.es\/fr\/wp-json\/wp\/v2\/categories?post=6739"},{"taxonomy":"post_tag","embeddable":true,"href":"https:\/\/gifadi.es\/fr\/wp-json\/wp\/v2\/tags?post=6739"}],"curies":[{"name":"wp","href":"https:\/\/api.w.org\/{rel}","templated":true}]}}