{"id":6739,"date":"2024-05-29T14:38:07","date_gmt":"2024-05-29T14:38:07","guid":{"rendered":"https:\/\/gifadi.es\/?p=6739"},"modified":"2024-05-29T14:38:42","modified_gmt":"2024-05-29T14:38:42","slug":"gifadi-participo-en-la-mision-comercial-directa-en-portugal-en-marzo-de-2024","status":"publish","type":"post","link":"https:\/\/gifadi.es\/pt\/gifadi-participou-na-missao-comercial-direta-em-portugal-em-marco-de-2024\/","title":{"rendered":"Gifadi participou na miss\u00e3o comercial direta em Portugal em mar\u00e7o de 2024"},"content":{"rendered":"<p>De 11 a 15 de mar\u00e7o de 2024, a nossa empresa, GIFADI FERTILIZANTES SA, teve o privil\u00e9gio de participar na miss\u00e3o comercial direta a Portugal. Este evento tem sido uma excelente plataforma para promover os nossos produtos inovadores e explorar novas oportunidades de mercado em Portugal. Durante esta miss\u00e3o, interagimos com numerosos empres\u00e1rios e representantes da ind\u00fastria, o que nos permitiu estabelecer contactos comerciais valiosos e compreender melhor as exig\u00eancias espec\u00edficas do mercado portugu\u00eas.<\/p>\n\n\n\n<p>A miss\u00e3o foi organizada pela C\u00e2mara Oficial de Com\u00e9rcio, Ind\u00fastria, Servi\u00e7os e Navega\u00e7\u00e3o de M\u00farcia e contou com o apoio do INFO (Instituto de Desenvolvimento da Regi\u00e3o de M\u00farcia) e da Uni\u00e3o Europeia atrav\u00e9s do Fundo Europeu de Desenvolvimento Regional (FEDER) . Esta \u00faltima \u00e9 uma iniciativa crucial no \u00e2mbito da pol\u00edtica de coes\u00e3o da UE, que se centra no refor\u00e7o da coes\u00e3o econ\u00f3mica e social nas regi\u00f5es europeias, na promo\u00e7\u00e3o do crescimento e do emprego, na coopera\u00e7\u00e3o territorial e no desenvolvimento urbano sustent\u00e1vel.<\/p>\n\n\n\n<p>O compromisso do FEDER com o desenvolvimento regional envolve investimentos significativos em \u00e1reas-chave como a inova\u00e7\u00e3o, a digitaliza\u00e7\u00e3o e o desenvolvimento econ\u00f3mico, para garantir que todas as regi\u00f5es europeias possam crescer de forma equitativa. Este tipo de apoio tem sido essencial para a concretiza\u00e7\u00e3o da nossa miss\u00e3o comercial, permitindo-nos n\u00e3o s\u00f3 expandir a nossa presen\u00e7a no mercado, mas tamb\u00e9m contribuir para o objetivo mais amplo de uma Europa mais interligada e economicamente robusta.<\/p>\n\n\n\n<figure class=\"wp-block-image size-large\"><img fetchpriority=\"high\" decoding=\"async\" width=\"1367\" height=\"342\" src=\"https:\/\/gifadi.es\/wp-content\/uploads\/2024\/05\/info-cofinanciacion-europea.svg\" alt=\"\" class=\"wp-image-6741\"\/><\/figure>","protected":false},"excerpt":{"rendered":"<p>De 11 a 15 de mar\u00e7o de 2024, a nossa empresa, GIFADI FERTILIZANTES SA, teve o privil\u00e9gio de participar na miss\u00e3o comercial direta a Portugal. Este evento tem sido uma excelente plataforma para promover os nossos produtos inovadores e explorar novas oportunidades de mercado em Portugal. Durante esta miss\u00e3o, tivemos<\/p>","protected":false},"author":1,"featured_media":6742,"comment_status":"closed","ping_status":"closed","sticky":false,"template":"","format":"standard","meta":{"inline_featured_image":false,"footnotes":""},"categories":[2],"tags":[],"class_list":["post-6739","post","type-post","status-publish","format-standard","has-post-thumbnail","hentry","category-noticias"],"yoast_head":"<!-- This site is optimized with the Yoast SEO Premium plugin v21.8 (Yoast SEO v26.4) - https:\/\/yoast.com\/wordpress\/plugins\/seo\/ -->\n<title>Gifadi particip\u00f3 en la misi\u00f3n comercial directa en Portugal en Marzo de 2024 - Gifadi<\/title>\n<meta name=\"robots\" content=\"index, follow, max-snippet:-1, max-image-preview:large, max-video-preview:-1\" \/>\n<link rel=\"canonical\" href=\"https:\/\/gifadi.es\/pt\/gifadi-participou-na-missao-comercial-direta-em-portugal-em-marco-de-2024\/\" \/>\n<meta property=\"og:locale\" content=\"pt_PT\" \/>\n<meta property=\"og:type\" content=\"article\" \/>\n<meta property=\"og:title\" content=\"Gifadi particip\u00f3 en la misi\u00f3n comercial directa en Portugal en Marzo de 2024\" \/>\n<meta property=\"og:description\" content=\"Del 11 al 15 de marzo de 2024, nuestra empresa, GIFADI FERTILIZANTES S.A., ha tenido el privilegio de participar en la misi\u00f3n comercial directa a Portugal. Este evento ha sido una plataforma excelente para promocionar nuestros innovadores productos y explorar nuevas oportunidades de mercado en Portugal. Durante esta misi\u00f3n, hemos\" \/>\n<meta property=\"og:url\" content=\"https:\/\/gifadi.es\/pt\/gifadi-participou-na-missao-comercial-direta-em-portugal-em-marco-de-2024\/\" \/>\n<meta property=\"og:site_name\" content=\"Gifadi\" \/>\n<meta property=\"article:published_time\" content=\"2024-05-29T14:38:07+00:00\" \/>\n<meta property=\"article:modified_time\" content=\"2024-05-29T14:38:42+00:00\" \/>\n<meta property=\"og:image\" content=\"https:\/\/gifadi.es\/wp-content\/uploads\/2024\/05\/DALL\u00b7E-2024-05-29-16.36.45-An-agricultural-background-with-the-European-Union-flag-Spanish-flag-and-Portuguese-flag-prominently-displayed.jpg\" \/>\n\t<meta property=\"og:image:width\" content=\"1024\" \/>\n\t<meta property=\"og:image:height\" content=\"1024\" \/>\n\t<meta property=\"og:image:type\" content=\"image\/jpeg\" \/>\n<meta name=\"author\" content=\"admin\" \/>\n<meta name=\"twitter:card\" content=\"summary_large_image\" \/>\n<meta name=\"twitter:label1\" content=\"Escrito por\" \/>\n\t<meta name=\"twitter:data1\" content=\"admin\" \/>\n\t<meta name=\"twitter:label2\" content=\"Tempo estimado de leitura\" \/>\n\t<meta name=\"twitter:data2\" content=\"2 minutos\" \/>\n<!-- \/ Yoast SEO Premium plugin. -->","yoast_head_json":{"title":"Gifadi participou na miss\u00e3o comercial direta em Portugal em mar\u00e7o de 2024 - Gifadi","robots":{"index":"index","follow":"follow","max-snippet":"max-snippet:-1","max-image-preview":"max-image-preview:large","max-video-preview":"max-video-preview:-1"},"canonical":"https:\/\/gifadi.es\/pt\/gifadi-participou-na-missao-comercial-direta-em-portugal-em-marco-de-2024\/","og_locale":"pt_PT","og_type":"article","og_title":"Gifadi particip\u00f3 en la misi\u00f3n comercial directa en Portugal en Marzo de 2024","og_description":"Del 11 al 15 de marzo de 2024, nuestra empresa, GIFADI FERTILIZANTES S.A., ha tenido el privilegio de participar en la misi\u00f3n comercial directa a Portugal. Este evento ha sido una plataforma excelente para promocionar nuestros innovadores productos y explorar nuevas oportunidades de mercado en Portugal. Durante esta misi\u00f3n, hemos","og_url":"https:\/\/gifadi.es\/pt\/gifadi-participou-na-missao-comercial-direta-em-portugal-em-marco-de-2024\/","og_site_name":"Gifadi","article_published_time":"2024-05-29T14:38:07+00:00","article_modified_time":"2024-05-29T14:38:42+00:00","og_image":[{"width":1024,"height":1024,"url":"https:\/\/gifadi.es\/wp-content\/uploads\/2024\/05\/DALL\u00b7E-2024-05-29-16.36.45-An-agricultural-background-with-the-European-Union-flag-Spanish-flag-and-Portuguese-flag-prominently-displayed.jpg","type":"image\/jpeg"}],"author":"admin","twitter_card":"summary_large_image","twitter_misc":{"Escrito por":"admin","Tempo estimado de leitura":"2 minutos"},"schema":{"@context":"https:\/\/schema.org","@graph":[{"@type":"WebPage","@id":"https:\/\/gifadi.es\/gifadi-participo-en-la-mision-comercial-directa-en-portugal-en-marzo-de-2024\/","url":"https:\/\/gifadi.es\/gifadi-participo-en-la-mision-comercial-directa-en-portugal-en-marzo-de-2024\/","name":"Gifadi participou na miss\u00e3o comercial direta em Portugal em mar\u00e7o de 2024 - Gifadi","isPartOf":{"@id":"https:\/\/gifadi.es\/#website"},"primaryImageOfPage":{"@id":"https:\/\/gifadi.es\/gifadi-participo-en-la-mision-comercial-directa-en-portugal-en-marzo-de-2024\/#primaryimage"},"image":{"@id":"https:\/\/gifadi.es\/gifadi-participo-en-la-mision-comercial-directa-en-portugal-en-marzo-de-2024\/#primaryimage"},"thumbnailUrl":"https:\/\/gifadi.es\/wp-content\/uploads\/2024\/05\/DALL\u00b7E-2024-05-29-16.36.45-An-agricultural-background-with-the-European-Union-flag-Spanish-flag-and-Portuguese-flag-prominently-displayed.jpg","datePublished":"2024-05-29T14:38:07+00:00","dateModified":"2024-05-29T14:38:42+00:00","author":{"@id":"https:\/\/gifadi.es\/#\/schema\/person\/07f02d297153771dd1a593867ed701ab"},"breadcrumb":{"@id":"https:\/\/gifadi.es\/gifadi-participo-en-la-mision-comercial-directa-en-portugal-en-marzo-de-2024\/#breadcrumb"},"inLanguage":"pt-PT","potentialAction":[{"@type":"ReadAction","target":["https:\/\/gifadi.es\/gifadi-participo-en-la-mision-comercial-directa-en-portugal-en-marzo-de-2024\/"]}]},{"@type":"ImageObject","inLanguage":"pt-PT","@id":"https:\/\/gifadi.es\/gifadi-participo-en-la-mision-comercial-directa-en-portugal-en-marzo-de-2024\/#primaryimage","url":"https:\/\/gifadi.es\/wp-content\/uploads\/2024\/05\/DALL\u00b7E-2024-05-29-16.36.45-An-agricultural-background-with-the-European-Union-flag-Spanish-flag-and-Portuguese-flag-prominently-displayed.jpg","contentUrl":"https:\/\/gifadi.es\/wp-content\/uploads\/2024\/05\/DALL\u00b7E-2024-05-29-16.36.45-An-agricultural-background-with-the-European-Union-flag-Spanish-flag-and-Portuguese-flag-prominently-displayed.jpg","width":1024,"height":1024},{"@type":"BreadcrumbList","@id":"https:\/\/gifadi.es\/gifadi-participo-en-la-mision-comercial-directa-en-portugal-en-marzo-de-2024\/#breadcrumb","itemListElement":[{"@type":"ListItem","position":1,"name":"Portada","item":"https:\/\/gifadi.es\/"},{"@type":"ListItem","position":2,"name":"Gifadi particip\u00f3 en la misi\u00f3n comercial directa en Portugal en Marzo de 2024"}]},{"@type":"WebSite","@id":"https:\/\/gifadi.es\/#website","url":"https:\/\/gifadi.es\/","name":"Gifadi","description":"Distribuidor de fertilizantes e fitossanit\u00e1rios","potentialAction":[{"@type":"SearchAction","target":{"@type":"EntryPoint","urlTemplate":"https:\/\/gifadi.es\/?s={search_term_string}"},"query-input":{"@type":"PropertyValueSpecification","valueRequired":true,"valueName":"search_term_string"}}],"inLanguage":"pt-PT"},{"@type":"Person","@id":"https:\/\/gifadi.es\/#\/schema\/person\/07f02d297153771dd1a593867ed701ab","name":"administrador","image":{"@type":"ImageObject","inLanguage":"pt-PT","@id":"https:\/\/gifadi.es\/#\/schema\/person\/image\/","url":"https:\/\/secure.gravatar.com\/avatar\/d7e963790b3f71c1a2701e8255e650026b50f618ab9000c35d0ae79dcbcd61b8?s=96&d=mm&r=g","contentUrl":"https:\/\/secure.gravatar.com\/avatar\/d7e963790b3f71c1a2701e8255e650026b50f618ab9000c35d0ae79dcbcd61b8?s=96&d=mm&r=g","caption":"admin"},"sameAs":["https:\/\/caesasl.com"]}]}},"_links":{"self":[{"href":"https:\/\/gifadi.es\/pt\/wp-json\/wp\/v2\/posts\/6739","targetHints":{"allow":["GET"]}}],"collection":[{"href":"https:\/\/gifadi.es\/pt\/wp-json\/wp\/v2\/posts"}],"about":[{"href":"https:\/\/gifadi.es\/pt\/wp-json\/wp\/v2\/types\/post"}],"author":[{"embeddable":true,"href":"https:\/\/gifadi.es\/pt\/wp-json\/wp\/v2\/users\/1"}],"replies":[{"embeddable":true,"href":"https:\/\/gifadi.es\/pt\/wp-json\/wp\/v2\/comments?post=6739"}],"version-history":[{"count":1,"href":"https:\/\/gifadi.es\/pt\/wp-json\/wp\/v2\/posts\/6739\/revisions"}],"predecessor-version":[{"id":6743,"href":"https:\/\/gifadi.es\/pt\/wp-json\/wp\/v2\/posts\/6739\/revisions\/6743"}],"wp:featuredmedia":[{"embeddable":true,"href":"https:\/\/gifadi.es\/pt\/wp-json\/wp\/v2\/media\/6742"}],"wp:attachment":[{"href":"https:\/\/gifadi.es\/pt\/wp-json\/wp\/v2\/media?parent=6739"}],"wp:term":[{"taxonomy":"category","embeddable":true,"href":"https:\/\/gifadi.es\/pt\/wp-json\/wp\/v2\/categories?post=6739"},{"taxonomy":"post_tag","embeddable":true,"href":"https:\/\/gifadi.es\/pt\/wp-json\/wp\/v2\/tags?post=6739"}],"curies":[{"name":"wp","href":"https:\/\/api.w.org\/{rel}","templated":true}]}}